{"id":3524,"date":"2026-01-09T11:43:08","date_gmt":"2026-01-09T10:43:08","guid":{"rendered":"https:\/\/agfv-viroflay.fr\/agfv\/?p=3524"},"modified":"2026-03-05T13:04:58","modified_gmt":"2026-03-05T12:04:58","slug":"sortie-exposition-passion-post-impressionniste","status":"publish","type":"post","link":"https:\/\/agfv-viroflay.fr\/agfv\/2026\/01\/09\/sortie-exposition-passion-post-impressionniste\/","title":{"rendered":"Sortie &#8211; Exposition Passion post impressionniste"},"content":{"rendered":"<h2 style=\"text-align: center;\"><span style=\"color: #ff0000;\"><strong><span style=\"font-size: 14pt;\">\u21d2 Dimanche 8 f\u00e9vrier 2026 \u00e0 15h00<\/span><\/strong><\/span><\/h2>\n<h2 style=\"text-align: center;\"><strong>Visite comment\u00e9e de l\u2019exposition<br \/>\n<\/strong><strong>Passion post-impressionniste<\/strong><\/h2>\n<p><img fetchpriority=\"high\" decoding=\"async\" class=\"aligncenter wp-image-3526 \" src=\"https:\/\/agfv-viroflay.fr\/agfv\/wp-content\/uploads\/2026\/01\/musee-lambinet.jpg\" alt=\"\" width=\"495\" height=\"349\" srcset=\"https:\/\/agfv-viroflay.fr\/agfv\/wp-content\/uploads\/2026\/01\/musee-lambinet.jpg 785w, https:\/\/agfv-viroflay.fr\/agfv\/wp-content\/uploads\/2026\/01\/musee-lambinet-300x211.jpg 300w, https:\/\/agfv-viroflay.fr\/agfv\/wp-content\/uploads\/2026\/01\/musee-lambinet-768x541.jpg 768w\" sizes=\"(max-width: 495px) 100vw, 495px\" \/><\/p>\n<h2 style=\"text-align: center;\"><span style=\"color: #000000;\"><strong><span style=\"font-size: 14pt;\">Rendez-vous sur place \u00e0 14h45<br \/>\n<\/span><\/strong><\/span><strong><span style=\"font-size: 14pt;\">Le dimanche 8 f\u00e9vrier 2026 \u00e0 15h<\/span><br \/>\n<\/strong><\/h2>\n<p>Ch\u00e8res adh\u00e9rentes, chers adh\u00e9rents,<\/p>\n<p><span style=\"font-size: 14pt; color: #3b5ab8;\"><strong>D\u00e9couvrez l&rsquo;exposition \u00e9v\u00e9nement !<\/strong><\/span><br \/>\n<strong><br \/>\n<\/strong>Cette visite met en lumi\u00e8re la collection de peintures et de dessins de Marcel et Fernande Guy l\u00e9gu\u00e9e au mus\u00e9e en 2004. De leurs choix se dessine une passion pour les peintres post-impressionnistes que le guide-conf\u00e9rencier vous propose de d\u00e9couvrir.<\/p>\n<p><strong>Pour tous les publics, recommand\u00e9 \u00e0 partir de 11 ans\u202f(6e).<\/strong><\/p>\n<p><img decoding=\"async\" class=\"size-full wp-image-1282 alignleft\" src=\"https:\/\/agfv-viroflay.fr\/agfv\/wp-content\/uploads\/2021\/03\/icone-fleche-et-rond_ftransp.png\" alt=\"\" width=\"45\" height=\"47\" \/><span style=\"color: #3b5ab8; font-size: 14pt;\"><strong>Infos pratiques<\/strong><\/span><\/p>\n<p><strong>Le 8 f\u00e9vr. 2026 : 15h00-16h30. Rendez-vous sur place \u00e0 14h45<\/strong><strong><br \/>\n<\/strong><strong>Mus\u00e9e Lambinet &#8211; 54, boulevard de la Reine &#8211; 78000 Versailles<\/strong><\/p>\n<p><strong><span style=\"color: #ff0000;\"><u>Condition de participation<\/u> <\/span>: Sur r\u00e9servation &#8211; D\u00e8s 11 ans. 10 \u20ac par participant<\/strong><\/p>\n<p><strong><span style=\"text-decoration: underline;\"><span style=\"color: #ff0000; text-decoration: underline;\">Inscription sur internet<\/span><\/span> : \u00a0-&gt;<span style=\"color: #3b5ab8;\">\u00a0<\/span><\/strong><span style=\"color: #3b5ab8;\"><a style=\"color: #3b5ab8;\" href=\"https:\/\/7qz2k.r.sp1-brevo.net\/mk\/cl\/f\/sh\/SMK1E8tHeFuBm0cy57OMyzRmPqQ0\/LSYJa4v5m4_N\"><strong>Billetterie en ligne<\/strong><\/a><\/span><\/p>\n<ul>\n<li>Descendre jusqu&rsquo;au bloc<br \/>\n<strong><span style=\"color: #3b5ab8;\">\u00ab\u00a0R\u00e9server avec Versailles Tourisme\u00a0Mus\u00e9e Lambinet<\/span><\/strong><br \/>\n<strong><span style=\"color: #3b5ab8;\">Visite comment\u00e9e de l&rsquo;exposition \u00ab\u00a0Passion postimpressionniste : histoire d&rsquo;une collection\u00a0\u00bb &#8211; le dimanche 8 f\u00e9vrier<\/span><\/strong><\/li>\n<li>Cliquer sur \u00ab\u00a0Rechercher\u00a0\u00bb<\/li>\n<li>Entrer le nombre de places \u00ab\u00a0Tarif enfant\/adulte\u00a0\u00bb<\/li>\n<li>Cliquez sur \u00ab\u00a0Ajouter au panier\u00a0\u00bb puis \u00ab\u00a0Aller au panier\u00a0\u00bb<\/li>\n<li>En cas d&rsquo;erreur cliquer sur \u00ab\u00a0Vider mon panier\u00a0\u00bb<\/li>\n<li>Sinon cliquer sur \u00ab\u00a0Finaliser vos achats\u00a0\u00bb, etc&#8230;<\/li>\n<\/ul>\n<p><span style=\"color: #993300;\"><strong>NB: <em>Si les \u00ab\u00a0cookies Tiers\u00a0\u00bb sont bloqu\u00e9s <span style=\"text-decoration: underline;\">dans votre navigateur<\/span>, vous devez les\u00a0 d\u00e9bloquer <span style=\"text-decoration: underline;\">le temps de l&rsquo;inscription<\/span> (&#8230;\/Param\u00e8tres\/Confidentialit\u00e9 et s\u00e9curit\u00e9\/Cookies tiers) !<\/em><br \/>\n<\/strong><\/span><\/p>\n<hr \/>\n<p style=\"text-align: left;\"><span style=\"color: #000000;\"><strong>** L\u2019AGFV remboursera les tickets des enfants de 11 \u00e0 17 ans aux familles adh\u00e9rentes sur pr\u00e9sentation de facture.<\/strong><\/span><\/p>\n","protected":false},"excerpt":{"rendered":"<p>\u21d2 Dimanche 8 f\u00e9vrier 2026 \u00e0 15h00 Visite comment\u00e9e de l\u2019exposition Passion post-impressionniste Rendez-vous sur place \u00e0 14h45 Le dimanche 8 f\u00e9vrier 2026 \u00e0 15h Ch\u00e8res adh\u00e9rentes, chers adh\u00e9rents, D\u00e9couvrez l&rsquo;exposition \u00e9v\u00e9nement ! Cette visite met en lumi\u00e8re la collection de peintures et de dessins de Marcel et Fernande Guy l\u00e9gu\u00e9e au mus\u00e9e en 2004. [&hellip;]<\/p>\n","protected":false},"author":1,"featured_media":3526,"comment_status":"closed","ping_status":"open","sticky":false,"template":"templates\/page_article.php","format":"standard","meta":{"ocean_post_layout":"","ocean_both_sidebars_style":"","ocean_both_sidebars_content_width":0,"ocean_both_sidebars_sidebars_width":0,"ocean_sidebar":"0","ocean_second_sidebar":"0","ocean_disable_margins":"enable","ocean_add_body_class":"","ocean_shortcode_before_top_bar":"","ocean_shortcode_after_top_bar":"","ocean_shortcode_before_header":"","ocean_shortcode_after_header":"","ocean_has_shortcode":"","ocean_shortcode_after_title":"","ocean_shortcode_before_footer_widgets":"","ocean_shortcode_after_footer_widgets":"","ocean_shortcode_before_footer_bottom":"","ocean_shortcode_after_footer_bottom":"","ocean_display_top_bar":"default","ocean_display_header":"default","ocean_header_style":"","ocean_center_header_left_menu":"0","ocean_custom_header_template":"0","ocean_custom_logo":0,"ocean_custom_retina_logo":0,"ocean_custom_logo_max_width":0,"ocean_custom_logo_tablet_max_width":0,"ocean_custom_logo_mobile_max_width":0,"ocean_custom_logo_max_height":0,"ocean_custom_logo_tablet_max_height":0,"ocean_custom_logo_mobile_max_height":0,"ocean_header_custom_menu":"0","ocean_menu_typo_font_family":"0","ocean_menu_typo_font_subset":"","ocean_menu_typo_font_size":0,"ocean_menu_typo_font_size_tablet":0,"ocean_menu_typo_font_size_mobile":0,"ocean_menu_typo_font_size_unit":"px","ocean_menu_typo_font_weight":"","ocean_menu_typo_font_weight_tablet":"","ocean_menu_typo_font_weight_mobile":"","ocean_menu_typo_transform":"","ocean_menu_typo_transform_tablet":"","ocean_menu_typo_transform_mobile":"","ocean_menu_typo_line_height":0,"ocean_menu_typo_line_height_tablet":0,"ocean_menu_typo_line_height_mobile":0,"ocean_menu_typo_line_height_unit":"","ocean_menu_typo_spacing":0,"ocean_menu_typo_spacing_tablet":0,"ocean_menu_typo_spacing_mobile":0,"ocean_menu_typo_spacing_unit":"","ocean_menu_link_color":"","ocean_menu_link_color_hover":"","ocean_menu_link_color_active":"","ocean_menu_link_background":"","ocean_menu_link_hover_background":"","ocean_menu_link_active_background":"","ocean_menu_social_links_bg":"","ocean_menu_social_hover_links_bg":"","ocean_menu_social_links_color":"","ocean_menu_social_hover_links_color":"","ocean_disable_title":"default","ocean_disable_heading":"default","ocean_post_title":"","ocean_post_subheading":"","ocean_post_title_style":"","ocean_post_title_background_color":"","ocean_post_title_background":0,"ocean_post_title_bg_image_position":"","ocean_post_title_bg_image_attachment":"","ocean_post_title_bg_image_repeat":"","ocean_post_title_bg_image_size":"","ocean_post_title_height":0,"ocean_post_title_bg_overlay":0.5,"ocean_post_title_bg_overlay_color":"","ocean_disable_breadcrumbs":"default","ocean_breadcrumbs_color":"","ocean_breadcrumbs_separator_color":"","ocean_breadcrumbs_links_color":"","ocean_breadcrumbs_links_hover_color":"","ocean_display_footer_widgets":"default","ocean_display_footer_bottom":"default","ocean_custom_footer_template":"0","_themeisle_gutenberg_block_has_review":false,"ocean_post_oembed":"","ocean_post_self_hosted_media":"","ocean_post_video_embed":"","ocean_link_format":"","ocean_link_format_target":"self","ocean_quote_format":"","ocean_quote_format_link":"post","ocean_gallery_link_images":"off","ocean_gallery_id":[],"footnotes":""},"categories":[14],"tags":[],"class_list":["post-3524","post","type-post","status-publish","format-standard","has-post-thumbnail","hentry","category-archives","entry","has-media"],"_links":{"self":[{"href":"https:\/\/agfv-viroflay.fr\/agfv\/wp-json\/wp\/v2\/posts\/3524","targetHints":{"allow":["GET"]}}],"collection":[{"href":"https:\/\/agfv-viroflay.fr\/agfv\/wp-json\/wp\/v2\/posts"}],"about":[{"href":"https:\/\/agfv-viroflay.fr\/agfv\/wp-json\/wp\/v2\/types\/post"}],"author":[{"embeddable":true,"href":"https:\/\/agfv-viroflay.fr\/agfv\/wp-json\/wp\/v2\/users\/1"}],"replies":[{"embeddable":true,"href":"https:\/\/agfv-viroflay.fr\/agfv\/wp-json\/wp\/v2\/comments?post=3524"}],"version-history":[{"count":17,"href":"https:\/\/agfv-viroflay.fr\/agfv\/wp-json\/wp\/v2\/posts\/3524\/revisions"}],"predecessor-version":[{"id":3542,"href":"https:\/\/agfv-viroflay.fr\/agfv\/wp-json\/wp\/v2\/posts\/3524\/revisions\/3542"}],"wp:featuredmedia":[{"embeddable":true,"href":"https:\/\/agfv-viroflay.fr\/agfv\/wp-json\/wp\/v2\/media\/3526"}],"wp:attachment":[{"href":"https:\/\/agfv-viroflay.fr\/agfv\/wp-json\/wp\/v2\/media?parent=3524"}],"wp:term":[{"taxonomy":"category","embeddable":true,"href":"https:\/\/agfv-viroflay.fr\/agfv\/wp-json\/wp\/v2\/categories?post=3524"},{"taxonomy":"post_tag","embeddable":true,"href":"https:\/\/agfv-viroflay.fr\/agfv\/wp-json\/wp\/v2\/tags?post=3524"}],"curies":[{"name":"wp","href":"https:\/\/api.w.org\/{rel}","templated":true}]}}