{"id":2656,"date":"2022-05-16T11:21:19","date_gmt":"2022-05-16T09:21:19","guid":{"rendered":"https:\/\/agfv-viroflay.fr\/agfv\/?p=2656"},"modified":"2022-08-31T17:26:23","modified_gmt":"2022-08-31T15:26:23","slug":"theatre-forum-a-cran-les-ecrans","status":"publish","type":"post","link":"https:\/\/agfv-viroflay.fr\/agfv\/2022\/05\/16\/theatre-forum-a-cran-les-ecrans\/","title":{"rendered":"Th\u00e9\u00e2tre-forum \u00ab\u00a0\u00e0 cran les \u00e9crans\u00a0\u00bb"},"content":{"rendered":"<h2><strong><a href=\"https:\/\/agfv-viroflay.fr\/agfv\/wp-content\/uploads\/2022\/05\/Affiche-a-cran-les-ecrans-VFc.pdf\"><img fetchpriority=\"high\" decoding=\"async\" class=\"wp-image-2657 size-medium alignleft\" src=\"https:\/\/agfv-viroflay.fr\/agfv\/wp-content\/uploads\/2022\/05\/Affiche-a-cran-les-ecrans-VFc-pdf-212x300.jpg\" alt=\"\" width=\"212\" height=\"300\" \/><\/a><\/strong><span style=\"color: #ff0000; font-family: georgia, palatino, serif; font-size: 18pt;\">\u21d2 <\/span><strong><span style=\"color: #ff0000;\">Jeudi 19 mai 2022 de 20h30 \u00e0 22h\u00a0<\/span><\/strong><\/h2>\n<h2><strong>Spectacle de th\u00e9\u00e2tre-forum<br \/>\npour les parents<br \/>\n<\/strong><\/h2>\n<p>Dans la continuit\u00e9 des actions de soutien \u00e0 la parentalit\u00e9 que l\u2019<strong>Udaf des Yvelines<\/strong> met en place, nous vous vous invitons \u00e0 un <u>spectacle de th\u00e9\u00e2tre-forum<\/u> (*) pour les parents.<\/p>\n<p><strong>Jeudi 19 mai 2022 de 20h30 \u00e0 22h,<br \/>\n<\/strong><strong>\u00e0 la Maison de quartier Porchefontaine<br \/>\n<\/strong><strong>86 rue Yves Le Coz, Versailles<br \/>\n<\/strong><span style=\"color: #ff0000;\"><strong>entr\u00e9e libre et gratuite<\/strong><\/span><\/p>\n<p>sur un sujet\u00a0qui concerne <u>tous les parents<\/u> : la <strong>place des \u00e9crans dans la vie de nos enfants\u00a0:<\/strong><\/p>\n<p style=\"text-align: center;\"><span style=\"font-size: 18pt;\"><strong>\u00ab\u00a0A cran les \u00e9cr@ns\u00a0\u00bb<\/strong><\/span><\/p>\n<p>Les \u00e9crans et les jeux vid\u00e9o sont entr\u00e9s dans notre quotidien. Ils se d\u00e9veloppent \u00e0 vitesse grand V et permettent toujours plus, au point de ne plus s\u2019imaginer s\u2019en passer. <span style=\"color: #3366ff;\"><strong>Mais quelle utilisation en font nos enfants ?<\/strong><\/span> Doit-on limiter leur usage ? Ou au contraire \u00eatre plus permissif ? O\u00f9 trouver les limites et comment faire pour ne pas subir ces \u00e9crans qui nous sont pourtant si chers ?<\/p>\n<p><strong><span style=\"color: #ff0000;\">Avant 3 ans<\/span><\/strong>, il ne faut pas d\u2019\u00e9crans pour son enfant. Plus facile \u00e0 dire qu\u2019\u00e0 faire\u2026<\/p>\n<p><span style=\"color: #ff0000;\"><strong>A 3 ans<\/strong><\/span>, on peut accorder du temps d\u2019\u00e9cran \u00e0 un enfant. Doit-on d\u00e9finir des limites ? Que faire en cas d\u2019abus ?<\/p>\n<p><span style=\"color: #ff0000;\"><strong>A 6 ans<\/strong><\/span>, les enfants peuvent jouer \u00e0 des jeux vid\u00e9o. Peuvent-ils \u00eatre source de nouveaux dangers ?<\/p>\n<p><span style=\"color: #ff0000;\"><strong>A 9 ans<\/strong><\/span>, on peut s\u00fbrement l\u00e2cher du lest. Mais comment faire rimer autonomie avec discipline ?<\/p>\n<p><span style=\"color: #ff0000;\"><strong>A 12 et plus<\/strong><\/span> si affinit\u00e9s, le portable et les r\u00e9seaux sociaux sont aussi le jardin secret des jeunes. Comment prot\u00e9ger sans \u00eatre intrusif\u00a0?<\/p>\n<p>Voici quelques questions auxquelles ce th\u00e9\u00e2tre-forum, anim\u00e9 par la compagnie de th\u00e9\u00e2tre \u00ab\u00a0Entr\u00e9es de jeu\u00a0\u00bb, permet de r\u00e9fl\u00e9chir.<\/p>\n<p><strong>(*) <u>th\u00e9\u00e2tre-forum<\/u><\/strong>\u00a0: spectacle de\u00a0<em>th\u00e9\u00e2tre<\/em>\u00a0interactif qui permet par le biais du jeu th\u00e9\u00e2tral de faire \u00e9merger la parole et la r\u00e9flexion autour d&rsquo;un th\u00e8me choisi.<\/p>\n<p>N\u2019h\u00e9sitez pas \u00e0 partager cette invitation autour de vous, nous vous en remercions par avance<\/p>\n<p>&nbsp;<\/p>\n","protected":false},"excerpt":{"rendered":"<p>\u21d2 Jeudi 19 mai 2022 de 20h30 \u00e0 22h\u00a0 Spectacle de th\u00e9\u00e2tre-forum pour les parents Dans la continuit\u00e9 des actions de soutien \u00e0 la parentalit\u00e9 que l\u2019Udaf des Yvelines met en place, nous vous vous invitons \u00e0 un spectacle de th\u00e9\u00e2tre-forum (*) pour les parents. Jeudi 19 mai 2022 de 20h30 \u00e0 22h, \u00e0 la [&hellip;]<\/p>\n","protected":false},"author":1,"featured_media":2658,"comment_status":"closed","ping_status":"open","sticky":false,"template":"templates\/page_article.php","format":"standard","meta":{"ocean_post_layout":"","ocean_both_sidebars_style":"","ocean_both_sidebars_content_width":0,"ocean_both_sidebars_sidebars_width":0,"ocean_sidebar":"0","ocean_second_sidebar":"0","ocean_disable_margins":"enable","ocean_add_body_class":"","ocean_shortcode_before_top_bar":"","ocean_shortcode_after_top_bar":"","ocean_shortcode_before_header":"","ocean_shortcode_after_header":"","ocean_has_shortcode":"","ocean_shortcode_after_title":"","ocean_shortcode_before_footer_widgets":"","ocean_shortcode_after_footer_widgets":"","ocean_shortcode_before_footer_bottom":"","ocean_shortcode_after_footer_bottom":"","ocean_display_top_bar":"default","ocean_display_header":"default","ocean_header_style":"","ocean_center_header_left_menu":"0","ocean_custom_header_template":"0","ocean_custom_logo":0,"ocean_custom_retina_logo":0,"ocean_custom_logo_max_width":0,"ocean_custom_logo_tablet_max_width":0,"ocean_custom_logo_mobile_max_width":0,"ocean_custom_logo_max_height":0,"ocean_custom_logo_tablet_max_height":0,"ocean_custom_logo_mobile_max_height":0,"ocean_header_custom_menu":"0","ocean_menu_typo_font_family":"0","ocean_menu_typo_font_subset":"","ocean_menu_typo_font_size":0,"ocean_menu_typo_font_size_tablet":0,"ocean_menu_typo_font_size_mobile":0,"ocean_menu_typo_font_size_unit":"px","ocean_menu_typo_font_weight":"","ocean_menu_typo_font_weight_tablet":"","ocean_menu_typo_font_weight_mobile":"","ocean_menu_typo_transform":"","ocean_menu_typo_transform_tablet":"","ocean_menu_typo_transform_mobile":"","ocean_menu_typo_line_height":0,"ocean_menu_typo_line_height_tablet":0,"ocean_menu_typo_line_height_mobile":0,"ocean_menu_typo_line_height_unit":"","ocean_menu_typo_spacing":0,"ocean_menu_typo_spacing_tablet":0,"ocean_menu_typo_spacing_mobile":0,"ocean_menu_typo_spacing_unit":"","ocean_menu_link_color":"","ocean_menu_link_color_hover":"","ocean_menu_link_color_active":"","ocean_menu_link_background":"","ocean_menu_link_hover_background":"","ocean_menu_link_active_background":"","ocean_menu_social_links_bg":"","ocean_menu_social_hover_links_bg":"","ocean_menu_social_links_color":"","ocean_menu_social_hover_links_color":"","ocean_disable_title":"default","ocean_disable_heading":"default","ocean_post_title":"","ocean_post_subheading":"","ocean_post_title_style":"","ocean_post_title_background_color":"","ocean_post_title_background":0,"ocean_post_title_bg_image_position":"","ocean_post_title_bg_image_attachment":"","ocean_post_title_bg_image_repeat":"","ocean_post_title_bg_image_size":"","ocean_post_title_height":0,"ocean_post_title_bg_overlay":0.5,"ocean_post_title_bg_overlay_color":"","ocean_disable_breadcrumbs":"default","ocean_breadcrumbs_color":"","ocean_breadcrumbs_separator_color":"","ocean_breadcrumbs_links_color":"","ocean_breadcrumbs_links_hover_color":"","ocean_display_footer_widgets":"default","ocean_display_footer_bottom":"default","ocean_custom_footer_template":"0","_themeisle_gutenberg_block_has_review":false,"ocean_post_oembed":"","ocean_post_self_hosted_media":"","ocean_post_video_embed":"","ocean_link_format":"","ocean_link_format_target":"self","ocean_quote_format":"","ocean_quote_format_link":"post","ocean_gallery_link_images":"off","ocean_gallery_id":[],"footnotes":""},"categories":[14],"tags":[],"class_list":["post-2656","post","type-post","status-publish","format-standard","has-post-thumbnail","hentry","category-archives","entry","has-media"],"_links":{"self":[{"href":"https:\/\/agfv-viroflay.fr\/agfv\/wp-json\/wp\/v2\/posts\/2656","targetHints":{"allow":["GET"]}}],"collection":[{"href":"https:\/\/agfv-viroflay.fr\/agfv\/wp-json\/wp\/v2\/posts"}],"about":[{"href":"https:\/\/agfv-viroflay.fr\/agfv\/wp-json\/wp\/v2\/types\/post"}],"author":[{"embeddable":true,"href":"https:\/\/agfv-viroflay.fr\/agfv\/wp-json\/wp\/v2\/users\/1"}],"replies":[{"embeddable":true,"href":"https:\/\/agfv-viroflay.fr\/agfv\/wp-json\/wp\/v2\/comments?post=2656"}],"version-history":[{"count":7,"href":"https:\/\/agfv-viroflay.fr\/agfv\/wp-json\/wp\/v2\/posts\/2656\/revisions"}],"predecessor-version":[{"id":2669,"href":"https:\/\/agfv-viroflay.fr\/agfv\/wp-json\/wp\/v2\/posts\/2656\/revisions\/2669"}],"wp:featuredmedia":[{"embeddable":true,"href":"https:\/\/agfv-viroflay.fr\/agfv\/wp-json\/wp\/v2\/media\/2658"}],"wp:attachment":[{"href":"https:\/\/agfv-viroflay.fr\/agfv\/wp-json\/wp\/v2\/media?parent=2656"}],"wp:term":[{"taxonomy":"category","embeddable":true,"href":"https:\/\/agfv-viroflay.fr\/agfv\/wp-json\/wp\/v2\/categories?post=2656"},{"taxonomy":"post_tag","embeddable":true,"href":"https:\/\/agfv-viroflay.fr\/agfv\/wp-json\/wp\/v2\/tags?post=2656"}],"curies":[{"name":"wp","href":"https:\/\/api.w.org\/{rel}","templated":true}]}}